{"id":5956,"date":"2022-12-25T16:31:16","date_gmt":"2022-12-25T16:31:16","guid":{"rendered":"https:\/\/neos-music.com\/?p=5956"},"modified":"2022-12-25T17:17:36","modified_gmt":"2022-12-25T17:17:36","slug":"alberto-posadas","status":"publish","type":"post","link":"https:\/\/neos-music.com\/en_us\/alberto-posadas\/","title":{"rendered":"Alberto Posadas"},"content":{"rendered":"<p><strong>Composer<\/strong><\/p>\n\n\n\n<p>Biography:<\/p>\n\n\n\n<p>Alberto Posadas, geboren 1967 in Valladolid\/Spanien. Er studierte Komposition bei Francisco Guerrero in Madrid, erhielt ein Stipendium der Casa Vel\u00e1zquez in Madrid und den Publikumspreis der Ars Musica Br\u00fcssel. Alberto Posadas lehrt am Conservatorio de M\u00fasica de Majadahonda in Madrid.<\/p>\n\n\n\n<p>Albums:<\/p>\n\n\n\n<p><a href=\"https:\/\/neos-music.com\/en_us\/product\/mark-andre-johannes-boris-borowski-eva-reiter-alberto-posadas-donaueschinger-musiktage-2019\/\">Donaueschinger Musiktage 2019:<\/a><\/p>\n\n\n\n<figure class=\"wp-block-image size-large is-resized\"><a href=\"https:\/\/neos-music.com\/en_us\/product\/mark-andre-johannes-boris-borowski-eva-reiter-alberto-posadas-donaueschinger-musiktage-2019\/\"><img data-recalc-dims=\"1\" fetchpriority=\"high\" decoding=\"async\" src=\"https:\/\/i0.wp.com\/neos-music.com\/wp-content\/uploads\/2022\/11\/NEOS_12013_DMT2019.jpeg?resize=512%2C461&#038;ssl=1\" alt=\"\" class=\"wp-image-2512\" width=\"512\" height=\"461\" srcset=\"https:\/\/i0.wp.com\/neos-music.com\/wp-content\/uploads\/2022\/11\/NEOS_12013_DMT2019.jpeg?resize=1024%2C922&amp;ssl=1 1024w, https:\/\/i0.wp.com\/neos-music.com\/wp-content\/uploads\/2022\/11\/NEOS_12013_DMT2019.jpeg?resize=300%2C270&amp;ssl=1 300w, https:\/\/i0.wp.com\/neos-music.com\/wp-content\/uploads\/2022\/11\/NEOS_12013_DMT2019.jpeg?resize=768%2C691&amp;ssl=1 768w, https:\/\/i0.wp.com\/neos-music.com\/wp-content\/uploads\/2022\/11\/NEOS_12013_DMT2019.jpeg?resize=1536%2C1382&amp;ssl=1 1536w, https:\/\/i0.wp.com\/neos-music.com\/wp-content\/uploads\/2022\/11\/NEOS_12013_DMT2019.jpeg?resize=600%2C540&amp;ssl=1 600w, https:\/\/i0.wp.com\/neos-music.com\/wp-content\/uploads\/2022\/11\/NEOS_12013_DMT2019.jpeg?w=1649&amp;ssl=1 1649w\" sizes=\"(max-width: 512px) 100vw, 512px\" \/><\/a><\/figure>\n\n\n\n<p><a href=\"https:\/\/neos-music.com\/en_us\/product\/alberto-posadas-poetics-of-the-gaze\/\">Poetics of the Gaze:<\/a><\/p>\n\n\n\n<figure class=\"wp-block-image size-large is-resized\"><a href=\"https:\/\/neos-music.com\/en_us\/product\/alberto-posadas-poetics-of-the-gaze\/\"><img data-recalc-dims=\"1\" decoding=\"async\" src=\"https:\/\/i0.wp.com\/neos-music.com\/wp-content\/uploads\/2022\/11\/NEOS_11715_Posadas.jpeg?resize=512%2C461&#038;ssl=1\" alt=\"\" class=\"wp-image-2712\" width=\"512\" height=\"461\" srcset=\"https:\/\/i0.wp.com\/neos-music.com\/wp-content\/uploads\/2022\/11\/NEOS_11715_Posadas.jpeg?resize=1024%2C922&amp;ssl=1 1024w, https:\/\/i0.wp.com\/neos-music.com\/wp-content\/uploads\/2022\/11\/NEOS_11715_Posadas.jpeg?resize=300%2C270&amp;ssl=1 300w, https:\/\/i0.wp.com\/neos-music.com\/wp-content\/uploads\/2022\/11\/NEOS_11715_Posadas.jpeg?resize=768%2C691&amp;ssl=1 768w, https:\/\/i0.wp.com\/neos-music.com\/wp-content\/uploads\/2022\/11\/NEOS_11715_Posadas.jpeg?resize=1536%2C1382&amp;ssl=1 1536w, https:\/\/i0.wp.com\/neos-music.com\/wp-content\/uploads\/2022\/11\/NEOS_11715_Posadas.jpeg?resize=600%2C540&amp;ssl=1 600w, https:\/\/i0.wp.com\/neos-music.com\/wp-content\/uploads\/2022\/11\/NEOS_11715_Posadas.jpeg?w=1649&amp;ssl=1 1649w\" sizes=\"(max-width: 512px) 100vw, 512px\" \/><\/a><\/figure>\n\n\n\n<p><a href=\"https:\/\/neos-music.com\/en_us\/product\/georges-aperghis-bernhard-lang-philippe-manoury-enno-poppe-alberto-posadas-walter-zimmermann-donaueschinger-musiktage-2013\/\">Donaueschinger Musiktage 2013:<\/a><\/p>\n\n\n\n<figure class=\"wp-block-image size-large is-resized\"><a href=\"https:\/\/neos-music.com\/en_us\/product\/georges-aperghis-bernhard-lang-philippe-manoury-enno-poppe-alberto-posadas-walter-zimmermann-donaueschinger-musiktage-2013\/\"><img data-recalc-dims=\"1\" decoding=\"async\" src=\"https:\/\/i0.wp.com\/neos-music.com\/wp-content\/uploads\/2022\/11\/NEOS_11411-14_DMT_2013.jpeg?resize=512%2C460&#038;ssl=1\" alt=\"\" class=\"wp-image-2868\" width=\"512\" height=\"460\" srcset=\"https:\/\/i0.wp.com\/neos-music.com\/wp-content\/uploads\/2022\/11\/NEOS_11411-14_DMT_2013.jpeg?resize=1024%2C919&amp;ssl=1 1024w, https:\/\/i0.wp.com\/neos-music.com\/wp-content\/uploads\/2022\/11\/NEOS_11411-14_DMT_2013.jpeg?resize=300%2C269&amp;ssl=1 300w, https:\/\/i0.wp.com\/neos-music.com\/wp-content\/uploads\/2022\/11\/NEOS_11411-14_DMT_2013.jpeg?resize=768%2C689&amp;ssl=1 768w, https:\/\/i0.wp.com\/neos-music.com\/wp-content\/uploads\/2022\/11\/NEOS_11411-14_DMT_2013.jpeg?resize=1536%2C1378&amp;ssl=1 1536w, https:\/\/i0.wp.com\/neos-music.com\/wp-content\/uploads\/2022\/11\/NEOS_11411-14_DMT_2013.jpeg?resize=600%2C538&amp;ssl=1 600w, https:\/\/i0.wp.com\/neos-music.com\/wp-content\/uploads\/2022\/11\/NEOS_11411-14_DMT_2013.jpeg?w=1666&amp;ssl=1 1666w\" sizes=\"(max-width: 512px) 100vw, 512px\" \/><\/a><\/figure>\n\n\n\n<p><a href=\"https:\/\/neos-music.com\/en_us\/product\/ondrej-adamek-aaron-cassidy-james-dillon-brian-ferneyhough-vinko-globokar-georg-friedrich-haas-philippe-manouri-alberto-posadas-simon-steen-andersen-marco-stroppa-ivan-wyschnegradsky-donaue\/\">Donaueschinger Musiktage 2010:<\/a><\/p>\n\n\n\n<figure class=\"wp-block-image size-large is-resized\"><a href=\"https:\/\/neos-music.com\/en_us\/product\/ondrej-adamek-aaron-cassidy-james-dillon-brian-ferneyhough-vinko-globokar-georg-friedrich-haas-philippe-manouri-alberto-posadas-simon-steen-andersen-marco-stroppa-ivan-wyschnegradsky-donaue\/\"><img data-recalc-dims=\"1\" loading=\"lazy\" decoding=\"async\" src=\"https:\/\/i0.wp.com\/neos-music.com\/wp-content\/uploads\/2022\/11\/NEOS_11114-17_DMT_2010.jpeg?resize=512%2C461&#038;ssl=1\" alt=\"\" class=\"wp-image-3001\" width=\"512\" height=\"461\" srcset=\"https:\/\/i0.wp.com\/neos-music.com\/wp-content\/uploads\/2022\/11\/NEOS_11114-17_DMT_2010.jpeg?resize=1024%2C922&amp;ssl=1 1024w, https:\/\/i0.wp.com\/neos-music.com\/wp-content\/uploads\/2022\/11\/NEOS_11114-17_DMT_2010.jpeg?resize=300%2C270&amp;ssl=1 300w, https:\/\/i0.wp.com\/neos-music.com\/wp-content\/uploads\/2022\/11\/NEOS_11114-17_DMT_2010.jpeg?resize=768%2C692&amp;ssl=1 768w, https:\/\/i0.wp.com\/neos-music.com\/wp-content\/uploads\/2022\/11\/NEOS_11114-17_DMT_2010.jpeg?resize=1536%2C1383&amp;ssl=1 1536w, https:\/\/i0.wp.com\/neos-music.com\/wp-content\/uploads\/2022\/11\/NEOS_11114-17_DMT_2010.jpeg?resize=600%2C540&amp;ssl=1 600w, https:\/\/i0.wp.com\/neos-music.com\/wp-content\/uploads\/2022\/11\/NEOS_11114-17_DMT_2010.jpeg?w=1647&amp;ssl=1 1647w\" sizes=\"(max-width: 512px) 100vw, 512px\" \/><\/a><\/figure>\n\n\n\n<p><a href=\"https:\/\/neos-music.com\/en_us\/product\/mauricio-kagel-alberto-posadas-donaueschinger-musiktage-2006-vol-4\/\">Donaueschinger Musiktage 2006 Vol. 4:<\/a><\/p>\n\n\n\n<figure class=\"wp-block-image size-large is-resized\"><a href=\"https:\/\/neos-music.com\/en_us\/product\/mauricio-kagel-alberto-posadas-donaueschinger-musiktage-2006-vol-4\/\"><img data-recalc-dims=\"1\" loading=\"lazy\" decoding=\"async\" src=\"https:\/\/i0.wp.com\/neos-music.com\/wp-content\/uploads\/2022\/11\/NEOS_10727_Donaueschingen_2006_Vol4.jpeg?resize=512%2C461&#038;ssl=1\" alt=\"\" class=\"wp-image-3270\" width=\"512\" height=\"461\" srcset=\"https:\/\/i0.wp.com\/neos-music.com\/wp-content\/uploads\/2022\/11\/NEOS_10727_Donaueschingen_2006_Vol4.jpeg?resize=1024%2C921&amp;ssl=1 1024w, https:\/\/i0.wp.com\/neos-music.com\/wp-content\/uploads\/2022\/11\/NEOS_10727_Donaueschingen_2006_Vol4.jpeg?resize=300%2C270&amp;ssl=1 300w, https:\/\/i0.wp.com\/neos-music.com\/wp-content\/uploads\/2022\/11\/NEOS_10727_Donaueschingen_2006_Vol4.jpeg?resize=768%2C691&amp;ssl=1 768w, https:\/\/i0.wp.com\/neos-music.com\/wp-content\/uploads\/2022\/11\/NEOS_10727_Donaueschingen_2006_Vol4.jpeg?resize=1536%2C1381&amp;ssl=1 1536w, https:\/\/i0.wp.com\/neos-music.com\/wp-content\/uploads\/2022\/11\/NEOS_10727_Donaueschingen_2006_Vol4.jpeg?resize=600%2C540&amp;ssl=1 600w, https:\/\/i0.wp.com\/neos-music.com\/wp-content\/uploads\/2022\/11\/NEOS_10727_Donaueschingen_2006_Vol4.jpeg?w=1648&amp;ssl=1 1648w\" sizes=\"(max-width: 512px) 100vw, 512px\" \/><\/a><\/figure>","protected":false},"excerpt":{"rendered":"<p>Komponist Biographie: Alberto Posadas, geboren 1967 in Valladolid\/Spanien. Er studierte Komposition bei Francisco Guerrero in Madrid, erhielt ein Stipendium der Casa Vel\u00e1zquez in Madrid und den Publikumspreis der Ars Musica Br\u00fcssel. Alberto Posadas lehrt am Conservatorio de M\u00fasica de Majadahonda in Madrid. Alben: Donaueschinger Musiktage 2019: Poetics of the Gaze: Donaueschinger Musiktage 2013: Donaueschinger Musiktage [&hellip;]<\/p>\n","protected":false},"author":1,"featured_media":5957,"comment_status":"open","ping_status":"open","sticky":false,"template":"","format":"standard","meta":{"site-sidebar-layout":"default","site-content-layout":"","ast-site-content-layout":"default","site-content-style":"default","site-sidebar-style":"default","ast-global-header-display":"","ast-banner-title-visibility":"","ast-main-header-display":"","ast-hfb-above-header-display":"","ast-hfb-below-header-display":"","ast-hfb-mobile-header-display":"","site-post-title":"","ast-breadcrumbs-content":"","ast-featured-img":"","footer-sml-layout":"","theme-transparent-header-meta":"","adv-header-id-meta":"","stick-header-meta":"","header-above-stick-meta":"","header-main-stick-meta":"","header-below-stick-meta":"","astra-migrate-meta-layouts":"default","ast-page-background-enabled":"default","ast-page-background-meta":{"desktop":{"background-color":"","background-image":"","background-repeat":"repeat","background-position":"center center","background-size":"auto","background-attachment":"scroll","background-type":"","background-media":"","overlay-type":"","overlay-color":"","overlay-opacity":"","overlay-gradient":""},"tablet":{"background-color":"","background-image":"","background-repeat":"repeat","background-position":"center center","background-size":"auto","background-attachment":"scroll","background-type":"","background-media":"","overlay-type":"","overlay-color":"","overlay-opacity":"","overlay-gradient":""},"mobile":{"background-color":"","background-image":"","background-repeat":"repeat","background-position":"center center","background-size":"auto","background-attachment":"scroll","background-type":"","background-media":"","overlay-type":"","overlay-color":"","overlay-opacity":"","overlay-gradient":""}},"ast-content-background-meta":{"desktop":{"background-color":"var(--ast-global-color-5)","background-image":"","background-repeat":"repeat","background-position":"center center","background-size":"auto","background-attachment":"scroll","background-type":"","background-media":"","overlay-type":"","overlay-color":"","overlay-opacity":"","overlay-gradient":""},"tablet":{"background-color":"var(--ast-global-color-5)","background-image":"","background-repeat":"repeat","background-position":"center center","background-size":"auto","background-attachment":"scroll","background-type":"","background-media":"","overlay-type":"","overlay-color":"","overlay-opacity":"","overlay-gradient":""},"mobile":{"background-color":"var(--ast-global-color-5)","background-image":"","background-repeat":"repeat","background-position":"center center","background-size":"auto","background-attachment":"scroll","background-type":"","background-media":"","overlay-type":"","overlay-color":"","overlay-opacity":"","overlay-gradient":""}},"_jetpack_memberships_contains_paid_content":false,"footnotes":""},"categories":[47],"tags":[],"class_list":["post-5956","post","type-post","status-publish","format-standard","has-post-thumbnail","hentry","category-kuenstler"],"yoast_head":"<!-- This site is optimized with the Yoast SEO plugin v27.5 - https:\/\/yoast.com\/product\/yoast-seo-wordpress\/ -->\n<title>Alberto Posadas - NEOS Music<\/title>\n<meta name=\"robots\" content=\"index, follow, max-snippet:-1, max-image-preview:large, max-video-preview:-1\" \/>\n<link rel=\"canonical\" href=\"https:\/\/neos-music.com\/en_us\/alberto-posadas\/\" \/>\n<meta property=\"og:locale\" content=\"en_US\" \/>\n<meta property=\"og:type\" content=\"article\" \/>\n<meta property=\"og:title\" content=\"Alberto Posadas - NEOS Music\" \/>\n<meta property=\"og:description\" content=\"Komponist Biographie: Alberto Posadas, geboren 1967 in Valladolid\/Spanien. Er studierte Komposition bei Francisco Guerrero in Madrid, erhielt ein Stipendium der Casa Vel\u00e1zquez in Madrid und den Publikumspreis der Ars Musica Br\u00fcssel. Alberto Posadas lehrt am Conservatorio de M\u00fasica de Majadahonda in Madrid. Alben: Donaueschinger Musiktage 2019: Poetics of the Gaze: Donaueschinger Musiktage 2013: Donaueschinger Musiktage [&hellip;]\" \/>\n<meta property=\"og:url\" content=\"https:\/\/neos-music.com\/en_us\/alberto-posadas\/\" \/>\n<meta property=\"og:site_name\" content=\"NEOS Music\" \/>\n<meta property=\"article:published_time\" content=\"2022-12-25T16:31:16+00:00\" \/>\n<meta property=\"article:modified_time\" content=\"2022-12-25T17:17:36+00:00\" \/>\n<meta property=\"og:image\" content=\"https:\/\/neos-music.com\/wp-content\/uploads\/2022\/12\/Alberto_Posadas.jpeg\" \/>\n\t<meta property=\"og:image:width\" content=\"240\" \/>\n\t<meta property=\"og:image:height\" content=\"320\" \/>\n\t<meta property=\"og:image:type\" content=\"image\/jpeg\" \/>\n<meta name=\"author\" content=\"NEOS Music\" \/>\n<meta name=\"twitter:card\" content=\"summary_large_image\" \/>\n<meta name=\"twitter:label1\" content=\"Written by\" \/>\n\t<meta name=\"twitter:data1\" content=\"NEOS Music\" \/>\n\t<meta name=\"twitter:label2\" content=\"Est. reading time\" \/>\n\t<meta name=\"twitter:data2\" content=\"2 minutes\" \/>\n<script type=\"application\/ld+json\" class=\"yoast-schema-graph\">{\"@context\":\"https:\\\/\\\/schema.org\",\"@graph\":[{\"@type\":\"Article\",\"@id\":\"https:\\\/\\\/neos-music.com\\\/alberto-posadas\\\/#article\",\"isPartOf\":{\"@id\":\"https:\\\/\\\/neos-music.com\\\/alberto-posadas\\\/\"},\"author\":{\"name\":\"NEOS Music\",\"@id\":\"https:\\\/\\\/neos-music.com\\\/#\\\/schema\\\/person\\\/a745a8fdd42ea2fa4c4ecd91797a280e\"},\"headline\":\"Alberto Posadas\",\"datePublished\":\"2022-12-25T16:31:16+00:00\",\"dateModified\":\"2022-12-25T17:17:36+00:00\",\"mainEntityOfPage\":{\"@id\":\"https:\\\/\\\/neos-music.com\\\/alberto-posadas\\\/\"},\"wordCount\":61,\"commentCount\":0,\"publisher\":{\"@id\":\"https:\\\/\\\/neos-music.com\\\/#organization\"},\"image\":{\"@id\":\"https:\\\/\\\/neos-music.com\\\/alberto-posadas\\\/#primaryimage\"},\"thumbnailUrl\":\"https:\\\/\\\/i0.wp.com\\\/neos-music.com\\\/wp-content\\\/uploads\\\/2022\\\/12\\\/Alberto_Posadas.jpeg?fit=240%2C320&ssl=1\",\"articleSection\":[\"K\u00fcnstler\"],\"inLanguage\":\"en-US\",\"potentialAction\":[{\"@type\":\"CommentAction\",\"name\":\"Comment\",\"target\":[\"https:\\\/\\\/neos-music.com\\\/alberto-posadas\\\/#respond\"]}]},{\"@type\":\"WebPage\",\"@id\":\"https:\\\/\\\/neos-music.com\\\/alberto-posadas\\\/\",\"url\":\"https:\\\/\\\/neos-music.com\\\/alberto-posadas\\\/\",\"name\":\"Alberto Posadas - NEOS Music\",\"isPartOf\":{\"@id\":\"https:\\\/\\\/neos-music.com\\\/#website\"},\"primaryImageOfPage\":{\"@id\":\"https:\\\/\\\/neos-music.com\\\/alberto-posadas\\\/#primaryimage\"},\"image\":{\"@id\":\"https:\\\/\\\/neos-music.com\\\/alberto-posadas\\\/#primaryimage\"},\"thumbnailUrl\":\"https:\\\/\\\/i0.wp.com\\\/neos-music.com\\\/wp-content\\\/uploads\\\/2022\\\/12\\\/Alberto_Posadas.jpeg?fit=240%2C320&ssl=1\",\"datePublished\":\"2022-12-25T16:31:16+00:00\",\"dateModified\":\"2022-12-25T17:17:36+00:00\",\"breadcrumb\":{\"@id\":\"https:\\\/\\\/neos-music.com\\\/alberto-posadas\\\/#breadcrumb\"},\"inLanguage\":\"en-US\",\"potentialAction\":[{\"@type\":\"ReadAction\",\"target\":[\"https:\\\/\\\/neos-music.com\\\/alberto-posadas\\\/\"]}]},{\"@type\":\"ImageObject\",\"inLanguage\":\"en-US\",\"@id\":\"https:\\\/\\\/neos-music.com\\\/alberto-posadas\\\/#primaryimage\",\"url\":\"https:\\\/\\\/i0.wp.com\\\/neos-music.com\\\/wp-content\\\/uploads\\\/2022\\\/12\\\/Alberto_Posadas.jpeg?fit=240%2C320&ssl=1\",\"contentUrl\":\"https:\\\/\\\/i0.wp.com\\\/neos-music.com\\\/wp-content\\\/uploads\\\/2022\\\/12\\\/Alberto_Posadas.jpeg?fit=240%2C320&ssl=1\",\"width\":240,\"height\":320},{\"@type\":\"BreadcrumbList\",\"@id\":\"https:\\\/\\\/neos-music.com\\\/alberto-posadas\\\/#breadcrumb\",\"itemListElement\":[{\"@type\":\"ListItem\",\"position\":1,\"name\":\"Startseite\",\"item\":\"https:\\\/\\\/neos-music.com\\\/\"},{\"@type\":\"ListItem\",\"position\":2,\"name\":\"Alberto Posadas\"}]},{\"@type\":\"WebSite\",\"@id\":\"https:\\\/\\\/neos-music.com\\\/#website\",\"url\":\"https:\\\/\\\/neos-music.com\\\/\",\"name\":\"NEOS Music\",\"description\":\"Dein Online Shop f\u00fcr zeitgen\u00f6ssische Musik, Jazz und Classics!\",\"publisher\":{\"@id\":\"https:\\\/\\\/neos-music.com\\\/#organization\"},\"potentialAction\":[{\"@type\":\"SearchAction\",\"target\":{\"@type\":\"EntryPoint\",\"urlTemplate\":\"https:\\\/\\\/neos-music.com\\\/?s={search_term_string}\"},\"query-input\":{\"@type\":\"PropertyValueSpecification\",\"valueRequired\":true,\"valueName\":\"search_term_string\"}}],\"inLanguage\":\"en-US\"},{\"@type\":\"Organization\",\"@id\":\"https:\\\/\\\/neos-music.com\\\/#organization\",\"name\":\"NEOS Music\",\"url\":\"https:\\\/\\\/neos-music.com\\\/\",\"logo\":{\"@type\":\"ImageObject\",\"inLanguage\":\"en-US\",\"@id\":\"https:\\\/\\\/neos-music.com\\\/#\\\/schema\\\/logo\\\/image\\\/\",\"url\":\"https:\\\/\\\/i0.wp.com\\\/neos-music.com\\\/wp-content\\\/uploads\\\/2025\\\/08\\\/NEOS-Logo-weiss.png?fit=800%2C203&ssl=1\",\"contentUrl\":\"https:\\\/\\\/i0.wp.com\\\/neos-music.com\\\/wp-content\\\/uploads\\\/2025\\\/08\\\/NEOS-Logo-weiss.png?fit=800%2C203&ssl=1\",\"width\":800,\"height\":203,\"caption\":\"NEOS Music\"},\"image\":{\"@id\":\"https:\\\/\\\/neos-music.com\\\/#\\\/schema\\\/logo\\\/image\\\/\"}},{\"@type\":\"Person\",\"@id\":\"https:\\\/\\\/neos-music.com\\\/#\\\/schema\\\/person\\\/a745a8fdd42ea2fa4c4ecd91797a280e\",\"name\":\"NEOS Music\",\"image\":{\"@type\":\"ImageObject\",\"inLanguage\":\"en-US\",\"@id\":\"https:\\\/\\\/secure.gravatar.com\\\/avatar\\\/a870658faa35b2a5c168560663fbee1f2f85446608becae8acf35eb380f13d65?s=96&d=mm&r=g\",\"url\":\"https:\\\/\\\/secure.gravatar.com\\\/avatar\\\/a870658faa35b2a5c168560663fbee1f2f85446608becae8acf35eb380f13d65?s=96&d=mm&r=g\",\"contentUrl\":\"https:\\\/\\\/secure.gravatar.com\\\/avatar\\\/a870658faa35b2a5c168560663fbee1f2f85446608becae8acf35eb380f13d65?s=96&d=mm&r=g\",\"caption\":\"NEOS Music\"},\"sameAs\":[\"https:\\\/\\\/neos-music.com\"],\"url\":\"https:\\\/\\\/neos-music.com\\\/en_us\\\/author\\\/moritzoswald\\\/\"}]}<\/script>\n<!-- \/ Yoast SEO plugin. -->","yoast_head_json":{"title":"Alberto Posadas - NEOS Music","robots":{"index":"index","follow":"follow","max-snippet":"max-snippet:-1","max-image-preview":"max-image-preview:large","max-video-preview":"max-video-preview:-1"},"canonical":"https:\/\/neos-music.com\/en_us\/alberto-posadas\/","og_locale":"en_US","og_type":"article","og_title":"Alberto Posadas - NEOS Music","og_description":"Komponist Biographie: Alberto Posadas, geboren 1967 in Valladolid\/Spanien. Er studierte Komposition bei Francisco Guerrero in Madrid, erhielt ein Stipendium der Casa Vel\u00e1zquez in Madrid und den Publikumspreis der Ars Musica Br\u00fcssel. Alberto Posadas lehrt am Conservatorio de M\u00fasica de Majadahonda in Madrid. Alben: Donaueschinger Musiktage 2019: Poetics of the Gaze: Donaueschinger Musiktage 2013: Donaueschinger Musiktage [&hellip;]","og_url":"https:\/\/neos-music.com\/en_us\/alberto-posadas\/","og_site_name":"NEOS Music","article_published_time":"2022-12-25T16:31:16+00:00","article_modified_time":"2022-12-25T17:17:36+00:00","og_image":[{"width":240,"height":320,"url":"https:\/\/neos-music.com\/wp-content\/uploads\/2022\/12\/Alberto_Posadas.jpeg","type":"image\/jpeg"}],"author":"NEOS Music","twitter_card":"summary_large_image","twitter_misc":{"Written by":"NEOS Music","Est. reading time":"2 minutes"},"schema":{"@context":"https:\/\/schema.org","@graph":[{"@type":"Article","@id":"https:\/\/neos-music.com\/alberto-posadas\/#article","isPartOf":{"@id":"https:\/\/neos-music.com\/alberto-posadas\/"},"author":{"name":"NEOS Music","@id":"https:\/\/neos-music.com\/#\/schema\/person\/a745a8fdd42ea2fa4c4ecd91797a280e"},"headline":"Alberto Posadas","datePublished":"2022-12-25T16:31:16+00:00","dateModified":"2022-12-25T17:17:36+00:00","mainEntityOfPage":{"@id":"https:\/\/neos-music.com\/alberto-posadas\/"},"wordCount":61,"commentCount":0,"publisher":{"@id":"https:\/\/neos-music.com\/#organization"},"image":{"@id":"https:\/\/neos-music.com\/alberto-posadas\/#primaryimage"},"thumbnailUrl":"https:\/\/i0.wp.com\/neos-music.com\/wp-content\/uploads\/2022\/12\/Alberto_Posadas.jpeg?fit=240%2C320&ssl=1","articleSection":["K\u00fcnstler"],"inLanguage":"en-US","potentialAction":[{"@type":"CommentAction","name":"Comment","target":["https:\/\/neos-music.com\/alberto-posadas\/#respond"]}]},{"@type":"WebPage","@id":"https:\/\/neos-music.com\/alberto-posadas\/","url":"https:\/\/neos-music.com\/alberto-posadas\/","name":"Alberto Posadas - NEOS Music","isPartOf":{"@id":"https:\/\/neos-music.com\/#website"},"primaryImageOfPage":{"@id":"https:\/\/neos-music.com\/alberto-posadas\/#primaryimage"},"image":{"@id":"https:\/\/neos-music.com\/alberto-posadas\/#primaryimage"},"thumbnailUrl":"https:\/\/i0.wp.com\/neos-music.com\/wp-content\/uploads\/2022\/12\/Alberto_Posadas.jpeg?fit=240%2C320&ssl=1","datePublished":"2022-12-25T16:31:16+00:00","dateModified":"2022-12-25T17:17:36+00:00","breadcrumb":{"@id":"https:\/\/neos-music.com\/alberto-posadas\/#breadcrumb"},"inLanguage":"en-US","potentialAction":[{"@type":"ReadAction","target":["https:\/\/neos-music.com\/alberto-posadas\/"]}]},{"@type":"ImageObject","inLanguage":"en-US","@id":"https:\/\/neos-music.com\/alberto-posadas\/#primaryimage","url":"https:\/\/i0.wp.com\/neos-music.com\/wp-content\/uploads\/2022\/12\/Alberto_Posadas.jpeg?fit=240%2C320&ssl=1","contentUrl":"https:\/\/i0.wp.com\/neos-music.com\/wp-content\/uploads\/2022\/12\/Alberto_Posadas.jpeg?fit=240%2C320&ssl=1","width":240,"height":320},{"@type":"BreadcrumbList","@id":"https:\/\/neos-music.com\/alberto-posadas\/#breadcrumb","itemListElement":[{"@type":"ListItem","position":1,"name":"Startseite","item":"https:\/\/neos-music.com\/"},{"@type":"ListItem","position":2,"name":"Alberto Posadas"}]},{"@type":"WebSite","@id":"https:\/\/neos-music.com\/#website","url":"https:\/\/neos-music.com\/","name":"NEOS Music","description":"Dein Online Shop f\u00fcr zeitgen\u00f6ssische Musik, Jazz und Classics!","publisher":{"@id":"https:\/\/neos-music.com\/#organization"},"potentialAction":[{"@type":"SearchAction","target":{"@type":"EntryPoint","urlTemplate":"https:\/\/neos-music.com\/?s={search_term_string}"},"query-input":{"@type":"PropertyValueSpecification","valueRequired":true,"valueName":"search_term_string"}}],"inLanguage":"en-US"},{"@type":"Organization","@id":"https:\/\/neos-music.com\/#organization","name":"NEOS Music","url":"https:\/\/neos-music.com\/","logo":{"@type":"ImageObject","inLanguage":"en-US","@id":"https:\/\/neos-music.com\/#\/schema\/logo\/image\/","url":"https:\/\/i0.wp.com\/neos-music.com\/wp-content\/uploads\/2025\/08\/NEOS-Logo-weiss.png?fit=800%2C203&ssl=1","contentUrl":"https:\/\/i0.wp.com\/neos-music.com\/wp-content\/uploads\/2025\/08\/NEOS-Logo-weiss.png?fit=800%2C203&ssl=1","width":800,"height":203,"caption":"NEOS Music"},"image":{"@id":"https:\/\/neos-music.com\/#\/schema\/logo\/image\/"}},{"@type":"Person","@id":"https:\/\/neos-music.com\/#\/schema\/person\/a745a8fdd42ea2fa4c4ecd91797a280e","name":"NEOS Music","image":{"@type":"ImageObject","inLanguage":"en-US","@id":"https:\/\/secure.gravatar.com\/avatar\/a870658faa35b2a5c168560663fbee1f2f85446608becae8acf35eb380f13d65?s=96&d=mm&r=g","url":"https:\/\/secure.gravatar.com\/avatar\/a870658faa35b2a5c168560663fbee1f2f85446608becae8acf35eb380f13d65?s=96&d=mm&r=g","contentUrl":"https:\/\/secure.gravatar.com\/avatar\/a870658faa35b2a5c168560663fbee1f2f85446608becae8acf35eb380f13d65?s=96&d=mm&r=g","caption":"NEOS Music"},"sameAs":["https:\/\/neos-music.com"],"url":"https:\/\/neos-music.com\/en_us\/author\/moritzoswald\/"}]}},"jetpack_featured_media_url":"https:\/\/i0.wp.com\/neos-music.com\/wp-content\/uploads\/2022\/12\/Alberto_Posadas.jpeg?fit=240%2C320&ssl=1","jetpack_sharing_enabled":true,"_links":{"self":[{"href":"https:\/\/neos-music.com\/en_us\/wp-json\/wp\/v2\/posts\/5956","targetHints":{"allow":["GET"]}}],"collection":[{"href":"https:\/\/neos-music.com\/en_us\/wp-json\/wp\/v2\/posts"}],"about":[{"href":"https:\/\/neos-music.com\/en_us\/wp-json\/wp\/v2\/types\/post"}],"author":[{"embeddable":true,"href":"https:\/\/neos-music.com\/en_us\/wp-json\/wp\/v2\/users\/1"}],"replies":[{"embeddable":true,"href":"https:\/\/neos-music.com\/en_us\/wp-json\/wp\/v2\/comments?post=5956"}],"version-history":[{"count":0,"href":"https:\/\/neos-music.com\/en_us\/wp-json\/wp\/v2\/posts\/5956\/revisions"}],"wp:featuredmedia":[{"embeddable":true,"href":"https:\/\/neos-music.com\/en_us\/wp-json\/wp\/v2\/media\/5957"}],"wp:attachment":[{"href":"https:\/\/neos-music.com\/en_us\/wp-json\/wp\/v2\/media?parent=5956"}],"wp:term":[{"taxonomy":"category","embeddable":true,"href":"https:\/\/neos-music.com\/en_us\/wp-json\/wp\/v2\/categories?post=5956"},{"taxonomy":"post_tag","embeddable":true,"href":"https:\/\/neos-music.com\/en_us\/wp-json\/wp\/v2\/tags?post=5956"}],"curies":[{"name":"wp","href":"https:\/\/api.w.org\/{rel}","templated":true}]}}