{"id":6000,"date":"2022-12-25T17:08:50","date_gmt":"2022-12-25T17:08:50","guid":{"rendered":"https:\/\/neos-music.com\/?p=6000"},"modified":"2022-12-25T17:17:19","modified_gmt":"2022-12-25T17:17:19","slug":"josef-anton-riedl","status":"publish","type":"post","link":"https:\/\/neos-music.com\/en_us\/josef-anton-riedl\/","title":{"rendered":"Josef Anton Riedl"},"content":{"rendered":"<p><strong>Composer<\/strong><\/p>\n\n\n\n<p>Biography:<\/p>\n\n\n\n<p><strong>Josef Anton Riedl<\/strong>, geboren 1927\/29 (?) in M\u00fcnchen, studierte bei Carl Orff und Hermann Scherchen und erhielt Anregungen durch Pierre Schaeffer. 1950 war er Mitbegr\u00fcnder der Deutschen Sektion der Jeunesses Musicales, f\u00fcr die er bis 1960 auch leitend t\u00e4tig war. 1959 initiierte er die Gr\u00fcndung des Siemens-Studios f\u00fcr elektronische Musik\/M\u00fcnchen, dessen Leitung er \u00fcbernahm. Seit 1960 organisiert er die Veranstaltungsreihe NEUE MUSIK M\u00fcnchen (sp\u00e4ter Klang-Aktionen) und seit 1970 Traditionelle Au\u00dfereurop\u00e4ische Musik. 1974\u20131982 leitete er das KULTUR FORUM BONN, bis 1987 die Tage Neuer Musik der Stadt Bonn. Mit der 1967 gegr\u00fcndeten MUSIK\/FILM\/DIA\/LICHT-Galerie realisierte er auf in- und ausl\u00e4ndischen Festivals zahlreiche Multimedia-Kompositionen, audiovisuelle Environments und Events, Konzerte, Ausstellungen, Projekte f\u00fcr Kinder, Laien, K\u00f6rperbehinderte. Seit 1998 ist er programmierend und dramaturgisch f\u00fcr die Konzertreihe musica viva des Bayerischen Rundfunks t\u00e4tig. Vielf\u00e4ltiges Schaffen f\u00fcr Instrumente (auch selbst gebaute), Stimmen, konkrete und elektronische Kl\u00e4nge, Multimedia, Installationen, akustische und optische Lautgedichte.<\/p>\n\n\n\n<p>Albums:<\/p>\n\n\n\n<p><a href=\"https:\/\/neos-music.com\/en_us\/product\/josef-anton-riedl-vielleicht-perhaps-peut-etre\/\">vielleicht &#8211; perhaps &#8211; peut-\u00eatre:<\/a><\/p>\n\n\n\n<figure class=\"wp-block-image size-large is-resized\"><a href=\"https:\/\/neos-music.com\/en_us\/product\/josef-anton-riedl-vielleicht-perhaps-peut-etre\/\"><img data-recalc-dims=\"1\" fetchpriority=\"high\" decoding=\"async\" src=\"https:\/\/i0.wp.com\/neos-music.com\/wp-content\/uploads\/2022\/11\/NEOS_10925_Riedl.jpeg?resize=512%2C461&#038;ssl=1\" alt=\"\" class=\"wp-image-3123\" width=\"512\" height=\"461\" srcset=\"https:\/\/i0.wp.com\/neos-music.com\/wp-content\/uploads\/2022\/11\/NEOS_10925_Riedl.jpeg?resize=1024%2C921&amp;ssl=1 1024w, https:\/\/i0.wp.com\/neos-music.com\/wp-content\/uploads\/2022\/11\/NEOS_10925_Riedl.jpeg?resize=300%2C270&amp;ssl=1 300w, https:\/\/i0.wp.com\/neos-music.com\/wp-content\/uploads\/2022\/11\/NEOS_10925_Riedl.jpeg?resize=768%2C691&amp;ssl=1 768w, https:\/\/i0.wp.com\/neos-music.com\/wp-content\/uploads\/2022\/11\/NEOS_10925_Riedl.jpeg?resize=1536%2C1382&amp;ssl=1 1536w, https:\/\/i0.wp.com\/neos-music.com\/wp-content\/uploads\/2022\/11\/NEOS_10925_Riedl.jpeg?resize=600%2C540&amp;ssl=1 600w, https:\/\/i0.wp.com\/neos-music.com\/wp-content\/uploads\/2022\/11\/NEOS_10925_Riedl.jpeg?w=1648&amp;ssl=1 1648w\" sizes=\"(max-width: 512px) 100vw, 512px\" \/><\/a><\/figure>","protected":false},"excerpt":{"rendered":"<p>Komponist Biographie: Josef Anton Riedl, geboren 1927\/29 (?) in M\u00fcnchen, studierte bei Carl Orff und Hermann Scherchen und erhielt Anregungen durch Pierre Schaeffer. 1950 war er Mitbegr\u00fcnder der Deutschen Sektion der Jeunesses Musicales, f\u00fcr die er bis 1960 auch leitend t\u00e4tig war. 1959 initiierte er die Gr\u00fcndung des Siemens-Studios f\u00fcr elektronische Musik\/M\u00fcnchen, dessen Leitung er [&hellip;]<\/p>\n","protected":false},"author":1,"featured_media":6001,"comment_status":"open","ping_status":"open","sticky":false,"template":"","format":"standard","meta":{"site-sidebar-layout":"default","site-content-layout":"","ast-site-content-layout":"default","site-content-style":"default","site-sidebar-style":"default","ast-global-header-display":"","ast-banner-title-visibility":"","ast-main-header-display":"","ast-hfb-above-header-display":"","ast-hfb-below-header-display":"","ast-hfb-mobile-header-display":"","site-post-title":"","ast-breadcrumbs-content":"","ast-featured-img":"","footer-sml-layout":"","theme-transparent-header-meta":"","adv-header-id-meta":"","stick-header-meta":"","header-above-stick-meta":"","header-main-stick-meta":"","header-below-stick-meta":"","astra-migrate-meta-layouts":"default","ast-page-background-enabled":"default","ast-page-background-meta":{"desktop":{"background-color":"","background-image":"","background-repeat":"repeat","background-position":"center center","background-size":"auto","background-attachment":"scroll","background-type":"","background-media":"","overlay-type":"","overlay-color":"","overlay-opacity":"","overlay-gradient":""},"tablet":{"background-color":"","background-image":"","background-repeat":"repeat","background-position":"center center","background-size":"auto","background-attachment":"scroll","background-type":"","background-media":"","overlay-type":"","overlay-color":"","overlay-opacity":"","overlay-gradient":""},"mobile":{"background-color":"","background-image":"","background-repeat":"repeat","background-position":"center center","background-size":"auto","background-attachment":"scroll","background-type":"","background-media":"","overlay-type":"","overlay-color":"","overlay-opacity":"","overlay-gradient":""}},"ast-content-background-meta":{"desktop":{"background-color":"var(--ast-global-color-5)","background-image":"","background-repeat":"repeat","background-position":"center center","background-size":"auto","background-attachment":"scroll","background-type":"","background-media":"","overlay-type":"","overlay-color":"","overlay-opacity":"","overlay-gradient":""},"tablet":{"background-color":"var(--ast-global-color-5)","background-image":"","background-repeat":"repeat","background-position":"center center","background-size":"auto","background-attachment":"scroll","background-type":"","background-media":"","overlay-type":"","overlay-color":"","overlay-opacity":"","overlay-gradient":""},"mobile":{"background-color":"var(--ast-global-color-5)","background-image":"","background-repeat":"repeat","background-position":"center center","background-size":"auto","background-attachment":"scroll","background-type":"","background-media":"","overlay-type":"","overlay-color":"","overlay-opacity":"","overlay-gradient":""}},"_jetpack_memberships_contains_paid_content":false,"footnotes":""},"categories":[47],"tags":[],"class_list":["post-6000","post","type-post","status-publish","format-standard","has-post-thumbnail","hentry","category-kuenstler"],"yoast_head":"<!-- This site is optimized with the Yoast SEO plugin v27.4 - https:\/\/yoast.com\/product\/yoast-seo-wordpress\/ -->\n<title>Josef Anton Riedl - NEOS Music<\/title>\n<meta name=\"robots\" content=\"index, follow, max-snippet:-1, max-image-preview:large, max-video-preview:-1\" \/>\n<link rel=\"canonical\" href=\"https:\/\/neos-music.com\/en_us\/josef-anton-riedl\/\" \/>\n<meta property=\"og:locale\" content=\"en_US\" \/>\n<meta property=\"og:type\" content=\"article\" \/>\n<meta property=\"og:title\" content=\"Josef Anton Riedl - NEOS Music\" \/>\n<meta property=\"og:description\" content=\"Komponist Biographie: Josef Anton Riedl, geboren 1927\/29 (?) in M\u00fcnchen, studierte bei Carl Orff und Hermann Scherchen und erhielt Anregungen durch Pierre Schaeffer. 1950 war er Mitbegr\u00fcnder der Deutschen Sektion der Jeunesses Musicales, f\u00fcr die er bis 1960 auch leitend t\u00e4tig war. 1959 initiierte er die Gr\u00fcndung des Siemens-Studios f\u00fcr elektronische Musik\/M\u00fcnchen, dessen Leitung er [&hellip;]\" \/>\n<meta property=\"og:url\" content=\"https:\/\/neos-music.com\/en_us\/josef-anton-riedl\/\" \/>\n<meta property=\"og:site_name\" content=\"NEOS Music\" \/>\n<meta property=\"article:published_time\" content=\"2022-12-25T17:08:50+00:00\" \/>\n<meta property=\"article:modified_time\" content=\"2022-12-25T17:17:19+00:00\" \/>\n<meta property=\"og:image\" content=\"https:\/\/neos-music.com\/wp-content\/uploads\/2022\/12\/J.A.jpg\" \/>\n\t<meta property=\"og:image:width\" content=\"240\" \/>\n\t<meta property=\"og:image:height\" content=\"160\" \/>\n\t<meta property=\"og:image:type\" content=\"image\/jpeg\" \/>\n<meta name=\"author\" content=\"NEOS Music\" \/>\n<meta name=\"twitter:card\" content=\"summary_large_image\" \/>\n<meta name=\"twitter:label1\" content=\"Written by\" \/>\n\t<meta name=\"twitter:data1\" content=\"NEOS Music\" \/>\n\t<meta name=\"twitter:label2\" content=\"Est. reading time\" \/>\n\t<meta name=\"twitter:data2\" content=\"2 minutes\" \/>\n<script type=\"application\/ld+json\" class=\"yoast-schema-graph\">{\"@context\":\"https:\\\/\\\/schema.org\",\"@graph\":[{\"@type\":\"Article\",\"@id\":\"https:\\\/\\\/neos-music.com\\\/josef-anton-riedl\\\/#article\",\"isPartOf\":{\"@id\":\"https:\\\/\\\/neos-music.com\\\/josef-anton-riedl\\\/\"},\"author\":{\"name\":\"NEOS Music\",\"@id\":\"https:\\\/\\\/neos-music.com\\\/#\\\/schema\\\/person\\\/a745a8fdd42ea2fa4c4ecd91797a280e\"},\"headline\":\"Josef Anton Riedl\",\"datePublished\":\"2022-12-25T17:08:50+00:00\",\"dateModified\":\"2022-12-25T17:17:19+00:00\",\"mainEntityOfPage\":{\"@id\":\"https:\\\/\\\/neos-music.com\\\/josef-anton-riedl\\\/\"},\"wordCount\":171,\"commentCount\":0,\"publisher\":{\"@id\":\"https:\\\/\\\/neos-music.com\\\/#organization\"},\"image\":{\"@id\":\"https:\\\/\\\/neos-music.com\\\/josef-anton-riedl\\\/#primaryimage\"},\"thumbnailUrl\":\"https:\\\/\\\/i0.wp.com\\\/neos-music.com\\\/wp-content\\\/uploads\\\/2022\\\/12\\\/J.A.jpg?fit=240%2C160&ssl=1\",\"articleSection\":[\"K\u00fcnstler\"],\"inLanguage\":\"en-US\",\"potentialAction\":[{\"@type\":\"CommentAction\",\"name\":\"Comment\",\"target\":[\"https:\\\/\\\/neos-music.com\\\/josef-anton-riedl\\\/#respond\"]}]},{\"@type\":\"WebPage\",\"@id\":\"https:\\\/\\\/neos-music.com\\\/josef-anton-riedl\\\/\",\"url\":\"https:\\\/\\\/neos-music.com\\\/josef-anton-riedl\\\/\",\"name\":\"Josef Anton Riedl - NEOS Music\",\"isPartOf\":{\"@id\":\"https:\\\/\\\/neos-music.com\\\/#website\"},\"primaryImageOfPage\":{\"@id\":\"https:\\\/\\\/neos-music.com\\\/josef-anton-riedl\\\/#primaryimage\"},\"image\":{\"@id\":\"https:\\\/\\\/neos-music.com\\\/josef-anton-riedl\\\/#primaryimage\"},\"thumbnailUrl\":\"https:\\\/\\\/i0.wp.com\\\/neos-music.com\\\/wp-content\\\/uploads\\\/2022\\\/12\\\/J.A.jpg?fit=240%2C160&ssl=1\",\"datePublished\":\"2022-12-25T17:08:50+00:00\",\"dateModified\":\"2022-12-25T17:17:19+00:00\",\"breadcrumb\":{\"@id\":\"https:\\\/\\\/neos-music.com\\\/josef-anton-riedl\\\/#breadcrumb\"},\"inLanguage\":\"en-US\",\"potentialAction\":[{\"@type\":\"ReadAction\",\"target\":[\"https:\\\/\\\/neos-music.com\\\/josef-anton-riedl\\\/\"]}]},{\"@type\":\"ImageObject\",\"inLanguage\":\"en-US\",\"@id\":\"https:\\\/\\\/neos-music.com\\\/josef-anton-riedl\\\/#primaryimage\",\"url\":\"https:\\\/\\\/i0.wp.com\\\/neos-music.com\\\/wp-content\\\/uploads\\\/2022\\\/12\\\/J.A.jpg?fit=240%2C160&ssl=1\",\"contentUrl\":\"https:\\\/\\\/i0.wp.com\\\/neos-music.com\\\/wp-content\\\/uploads\\\/2022\\\/12\\\/J.A.jpg?fit=240%2C160&ssl=1\",\"width\":240,\"height\":160},{\"@type\":\"BreadcrumbList\",\"@id\":\"https:\\\/\\\/neos-music.com\\\/josef-anton-riedl\\\/#breadcrumb\",\"itemListElement\":[{\"@type\":\"ListItem\",\"position\":1,\"name\":\"Startseite\",\"item\":\"https:\\\/\\\/neos-music.com\\\/\"},{\"@type\":\"ListItem\",\"position\":2,\"name\":\"Josef Anton Riedl\"}]},{\"@type\":\"WebSite\",\"@id\":\"https:\\\/\\\/neos-music.com\\\/#website\",\"url\":\"https:\\\/\\\/neos-music.com\\\/\",\"name\":\"NEOS Music\",\"description\":\"Dein Online Shop f\u00fcr zeitgen\u00f6ssische Musik, Jazz und Classics!\",\"publisher\":{\"@id\":\"https:\\\/\\\/neos-music.com\\\/#organization\"},\"potentialAction\":[{\"@type\":\"SearchAction\",\"target\":{\"@type\":\"EntryPoint\",\"urlTemplate\":\"https:\\\/\\\/neos-music.com\\\/?s={search_term_string}\"},\"query-input\":{\"@type\":\"PropertyValueSpecification\",\"valueRequired\":true,\"valueName\":\"search_term_string\"}}],\"inLanguage\":\"en-US\"},{\"@type\":\"Organization\",\"@id\":\"https:\\\/\\\/neos-music.com\\\/#organization\",\"name\":\"NEOS Music\",\"url\":\"https:\\\/\\\/neos-music.com\\\/\",\"logo\":{\"@type\":\"ImageObject\",\"inLanguage\":\"en-US\",\"@id\":\"https:\\\/\\\/neos-music.com\\\/#\\\/schema\\\/logo\\\/image\\\/\",\"url\":\"https:\\\/\\\/i0.wp.com\\\/neos-music.com\\\/wp-content\\\/uploads\\\/2025\\\/08\\\/NEOS-Logo-weiss.png?fit=800%2C203&ssl=1\",\"contentUrl\":\"https:\\\/\\\/i0.wp.com\\\/neos-music.com\\\/wp-content\\\/uploads\\\/2025\\\/08\\\/NEOS-Logo-weiss.png?fit=800%2C203&ssl=1\",\"width\":800,\"height\":203,\"caption\":\"NEOS Music\"},\"image\":{\"@id\":\"https:\\\/\\\/neos-music.com\\\/#\\\/schema\\\/logo\\\/image\\\/\"}},{\"@type\":\"Person\",\"@id\":\"https:\\\/\\\/neos-music.com\\\/#\\\/schema\\\/person\\\/a745a8fdd42ea2fa4c4ecd91797a280e\",\"name\":\"NEOS Music\",\"image\":{\"@type\":\"ImageObject\",\"inLanguage\":\"en-US\",\"@id\":\"https:\\\/\\\/secure.gravatar.com\\\/avatar\\\/a870658faa35b2a5c168560663fbee1f2f85446608becae8acf35eb380f13d65?s=96&d=mm&r=g\",\"url\":\"https:\\\/\\\/secure.gravatar.com\\\/avatar\\\/a870658faa35b2a5c168560663fbee1f2f85446608becae8acf35eb380f13d65?s=96&d=mm&r=g\",\"contentUrl\":\"https:\\\/\\\/secure.gravatar.com\\\/avatar\\\/a870658faa35b2a5c168560663fbee1f2f85446608becae8acf35eb380f13d65?s=96&d=mm&r=g\",\"caption\":\"NEOS Music\"},\"sameAs\":[\"https:\\\/\\\/neos-music.com\"],\"url\":\"https:\\\/\\\/neos-music.com\\\/en_us\\\/author\\\/moritzoswald\\\/\"}]}<\/script>\n<!-- \/ Yoast SEO plugin. -->","yoast_head_json":{"title":"Josef Anton Riedl - NEOS Music","robots":{"index":"index","follow":"follow","max-snippet":"max-snippet:-1","max-image-preview":"max-image-preview:large","max-video-preview":"max-video-preview:-1"},"canonical":"https:\/\/neos-music.com\/en_us\/josef-anton-riedl\/","og_locale":"en_US","og_type":"article","og_title":"Josef Anton Riedl - NEOS Music","og_description":"Komponist Biographie: Josef Anton Riedl, geboren 1927\/29 (?) in M\u00fcnchen, studierte bei Carl Orff und Hermann Scherchen und erhielt Anregungen durch Pierre Schaeffer. 1950 war er Mitbegr\u00fcnder der Deutschen Sektion der Jeunesses Musicales, f\u00fcr die er bis 1960 auch leitend t\u00e4tig war. 1959 initiierte er die Gr\u00fcndung des Siemens-Studios f\u00fcr elektronische Musik\/M\u00fcnchen, dessen Leitung er [&hellip;]","og_url":"https:\/\/neos-music.com\/en_us\/josef-anton-riedl\/","og_site_name":"NEOS Music","article_published_time":"2022-12-25T17:08:50+00:00","article_modified_time":"2022-12-25T17:17:19+00:00","og_image":[{"width":240,"height":160,"url":"https:\/\/neos-music.com\/wp-content\/uploads\/2022\/12\/J.A.jpg","type":"image\/jpeg"}],"author":"NEOS Music","twitter_card":"summary_large_image","twitter_misc":{"Written by":"NEOS Music","Est. reading time":"2 minutes"},"schema":{"@context":"https:\/\/schema.org","@graph":[{"@type":"Article","@id":"https:\/\/neos-music.com\/josef-anton-riedl\/#article","isPartOf":{"@id":"https:\/\/neos-music.com\/josef-anton-riedl\/"},"author":{"name":"NEOS Music","@id":"https:\/\/neos-music.com\/#\/schema\/person\/a745a8fdd42ea2fa4c4ecd91797a280e"},"headline":"Josef Anton Riedl","datePublished":"2022-12-25T17:08:50+00:00","dateModified":"2022-12-25T17:17:19+00:00","mainEntityOfPage":{"@id":"https:\/\/neos-music.com\/josef-anton-riedl\/"},"wordCount":171,"commentCount":0,"publisher":{"@id":"https:\/\/neos-music.com\/#organization"},"image":{"@id":"https:\/\/neos-music.com\/josef-anton-riedl\/#primaryimage"},"thumbnailUrl":"https:\/\/i0.wp.com\/neos-music.com\/wp-content\/uploads\/2022\/12\/J.A.jpg?fit=240%2C160&ssl=1","articleSection":["K\u00fcnstler"],"inLanguage":"en-US","potentialAction":[{"@type":"CommentAction","name":"Comment","target":["https:\/\/neos-music.com\/josef-anton-riedl\/#respond"]}]},{"@type":"WebPage","@id":"https:\/\/neos-music.com\/josef-anton-riedl\/","url":"https:\/\/neos-music.com\/josef-anton-riedl\/","name":"Josef Anton Riedl - NEOS Music","isPartOf":{"@id":"https:\/\/neos-music.com\/#website"},"primaryImageOfPage":{"@id":"https:\/\/neos-music.com\/josef-anton-riedl\/#primaryimage"},"image":{"@id":"https:\/\/neos-music.com\/josef-anton-riedl\/#primaryimage"},"thumbnailUrl":"https:\/\/i0.wp.com\/neos-music.com\/wp-content\/uploads\/2022\/12\/J.A.jpg?fit=240%2C160&ssl=1","datePublished":"2022-12-25T17:08:50+00:00","dateModified":"2022-12-25T17:17:19+00:00","breadcrumb":{"@id":"https:\/\/neos-music.com\/josef-anton-riedl\/#breadcrumb"},"inLanguage":"en-US","potentialAction":[{"@type":"ReadAction","target":["https:\/\/neos-music.com\/josef-anton-riedl\/"]}]},{"@type":"ImageObject","inLanguage":"en-US","@id":"https:\/\/neos-music.com\/josef-anton-riedl\/#primaryimage","url":"https:\/\/i0.wp.com\/neos-music.com\/wp-content\/uploads\/2022\/12\/J.A.jpg?fit=240%2C160&ssl=1","contentUrl":"https:\/\/i0.wp.com\/neos-music.com\/wp-content\/uploads\/2022\/12\/J.A.jpg?fit=240%2C160&ssl=1","width":240,"height":160},{"@type":"BreadcrumbList","@id":"https:\/\/neos-music.com\/josef-anton-riedl\/#breadcrumb","itemListElement":[{"@type":"ListItem","position":1,"name":"Startseite","item":"https:\/\/neos-music.com\/"},{"@type":"ListItem","position":2,"name":"Josef Anton Riedl"}]},{"@type":"WebSite","@id":"https:\/\/neos-music.com\/#website","url":"https:\/\/neos-music.com\/","name":"NEOS Music","description":"Dein Online Shop f\u00fcr zeitgen\u00f6ssische Musik, Jazz und Classics!","publisher":{"@id":"https:\/\/neos-music.com\/#organization"},"potentialAction":[{"@type":"SearchAction","target":{"@type":"EntryPoint","urlTemplate":"https:\/\/neos-music.com\/?s={search_term_string}"},"query-input":{"@type":"PropertyValueSpecification","valueRequired":true,"valueName":"search_term_string"}}],"inLanguage":"en-US"},{"@type":"Organization","@id":"https:\/\/neos-music.com\/#organization","name":"NEOS Music","url":"https:\/\/neos-music.com\/","logo":{"@type":"ImageObject","inLanguage":"en-US","@id":"https:\/\/neos-music.com\/#\/schema\/logo\/image\/","url":"https:\/\/i0.wp.com\/neos-music.com\/wp-content\/uploads\/2025\/08\/NEOS-Logo-weiss.png?fit=800%2C203&ssl=1","contentUrl":"https:\/\/i0.wp.com\/neos-music.com\/wp-content\/uploads\/2025\/08\/NEOS-Logo-weiss.png?fit=800%2C203&ssl=1","width":800,"height":203,"caption":"NEOS Music"},"image":{"@id":"https:\/\/neos-music.com\/#\/schema\/logo\/image\/"}},{"@type":"Person","@id":"https:\/\/neos-music.com\/#\/schema\/person\/a745a8fdd42ea2fa4c4ecd91797a280e","name":"NEOS Music","image":{"@type":"ImageObject","inLanguage":"en-US","@id":"https:\/\/secure.gravatar.com\/avatar\/a870658faa35b2a5c168560663fbee1f2f85446608becae8acf35eb380f13d65?s=96&d=mm&r=g","url":"https:\/\/secure.gravatar.com\/avatar\/a870658faa35b2a5c168560663fbee1f2f85446608becae8acf35eb380f13d65?s=96&d=mm&r=g","contentUrl":"https:\/\/secure.gravatar.com\/avatar\/a870658faa35b2a5c168560663fbee1f2f85446608becae8acf35eb380f13d65?s=96&d=mm&r=g","caption":"NEOS Music"},"sameAs":["https:\/\/neos-music.com"],"url":"https:\/\/neos-music.com\/en_us\/author\/moritzoswald\/"}]}},"jetpack_featured_media_url":"https:\/\/i0.wp.com\/neos-music.com\/wp-content\/uploads\/2022\/12\/J.A.jpg?fit=240%2C160&ssl=1","jetpack_sharing_enabled":true,"_links":{"self":[{"href":"https:\/\/neos-music.com\/en_us\/wp-json\/wp\/v2\/posts\/6000","targetHints":{"allow":["GET"]}}],"collection":[{"href":"https:\/\/neos-music.com\/en_us\/wp-json\/wp\/v2\/posts"}],"about":[{"href":"https:\/\/neos-music.com\/en_us\/wp-json\/wp\/v2\/types\/post"}],"author":[{"embeddable":true,"href":"https:\/\/neos-music.com\/en_us\/wp-json\/wp\/v2\/users\/1"}],"replies":[{"embeddable":true,"href":"https:\/\/neos-music.com\/en_us\/wp-json\/wp\/v2\/comments?post=6000"}],"version-history":[{"count":0,"href":"https:\/\/neos-music.com\/en_us\/wp-json\/wp\/v2\/posts\/6000\/revisions"}],"wp:featuredmedia":[{"embeddable":true,"href":"https:\/\/neos-music.com\/en_us\/wp-json\/wp\/v2\/media\/6001"}],"wp:attachment":[{"href":"https:\/\/neos-music.com\/en_us\/wp-json\/wp\/v2\/media?parent=6000"}],"wp:term":[{"taxonomy":"category","embeddable":true,"href":"https:\/\/neos-music.com\/en_us\/wp-json\/wp\/v2\/categories?post=6000"},{"taxonomy":"post_tag","embeddable":true,"href":"https:\/\/neos-music.com\/en_us\/wp-json\/wp\/v2\/tags?post=6000"}],"curies":[{"name":"wp","href":"https:\/\/api.w.org\/{rel}","templated":true}]}}