{"id":6207,"date":"2022-12-27T12:17:15","date_gmt":"2022-12-27T12:17:15","guid":{"rendered":"https:\/\/neos-music.com\/?p=6207"},"modified":"2022-12-27T12:34:43","modified_gmt":"2022-12-27T12:34:43","slug":"swiss-chamber-soloists","status":"publish","type":"post","link":"https:\/\/neos-music.com\/en_us\/swiss-chamber-soloists\/","title":{"rendered":"Swiss Chamber Soloists"},"content":{"rendered":"<p>Biography:<\/p>\n\n\n\n<p><strong>SWISS CHAMBER SOLOISTS<\/strong><\/p>\n\n\n\n<p>Zur Jahrtausendwende wurde mit der Gr\u00fcndung der Swiss Chamber Soloists ein Kammerensemble ins Leben gerufen, welches f\u00fchrende Interpreten aus allen Landesteilen der Schweiz mit renommierten G\u00e4sten aus dem Ausland f\u00fcr anspruchsvolle Kammermusikprojekte zusammenf\u00fchrt. Auf Initiative der drei k\u00fcnstlerischen Leiter, J\u00fcrg D\u00e4hler (Z\u00fcrich), Daniel Haefliger (Genf) und Felix Renggli (Basel) wurden f\u00fcr die Konzerte des in flexibler Besetzung spielenden Ensembles im Jahre 1999 die Swiss Chamber Concerts geschaffen, der erste nationale Konzertzyklus f\u00fcr Kammermusik mit festen Konzertreihen in Basel, Genf, Lugano und Z\u00fcrich. Dank mutig konzipierter Programme sowie erstklassiger Interpretationen sind die Konzerte der Swiss Chamber Soloists l\u00e4ngst zu einem viel beachteten Bestandteil der Schweizer Kulturszene geworden.<\/p>\n\n\n\n<p>Zahlreich sind die renommierten Musiker wie etwa Bruno Canino, D\u00e9nes V\u00e1rion, Heinz Holliger, Thomas Zehetmair, Christophe Coin, Christoph Pr\u00e9gardien und viele andere mehr, welche als G\u00e4ste mit dem Ensemble auftreten.<br>Das Repertoire der Swiss Chamber Soloists erstreckt sich vom Barock, auch auf historischen Instrumenten gespielt, bis hin zur Moderne, wobei viele der j\u00fcngsten St\u00fccke eigens f\u00fcr das Ensemble geschrieben wurden und ihm gewidmet sind.<\/p>\n\n\n\n<p>Die langj\u00e4hrige Erfahrung des Ensembles in der Auseinandersetzung mit zeitgen\u00f6ssischer Musik widerspiegelt sich in intensiven Interpretationen der Werke bedeutender Komponisten wie Carter, Ferneyhough, Kurt\u00e1g, Ligeti, Yun und Zender sowie in den zahlreichen Urauff\u00fchrungen der Werke von Schweizer Komponisten wie Blank, Dayer, Furrer-M\u00fcnch, Gaudibert, Gubler, Haubensak, Holliger, K\u00e4ser, Kelterborn, Kessler, Kyburz, Lehmann, Moser, Roth, Schnyder, Tognetti, Wyttenbach, Vassena und Zimmerlin. Beste Kritiken, Konzerttourneen in Europa, Asien und Australien sowie CD-Einspielungen und Rundfunkaufnahmen belegen den erstklassigen Ruf dieses renommierten Schweizer Ensembles.<\/p>\n\n\n\n<figure class=\"wp-block-image\"><img data-recalc-dims=\"1\" decoding=\"async\" src=\"https:\/\/i0.wp.com\/neos-music.com\/images\/artists-240\/Swiss_Chamber_Soloists.jpg?ssl=1\" alt=\"\"\/><\/figure>\n\n\n\n<p>Albums:<\/p>\n\n\n\n<p><a href=\"https:\/\/neos-music.com\/en_us\/product\/elliott-carter-happy-birthday-elliott-carter-new-chamber-works\/\">Happy Birthday, Elliott Carter! &#8211; New Chamber Works:<\/a><\/p>\n\n\n\n<figure class=\"wp-block-image size-large is-resized\"><a href=\"https:\/\/neos-music.com\/en_us\/product\/elliott-carter-happy-birthday-elliott-carter-new-chamber-works\/\"><img data-recalc-dims=\"1\" fetchpriority=\"high\" decoding=\"async\" src=\"https:\/\/i0.wp.com\/neos-music.com\/wp-content\/uploads\/2022\/11\/NEOS_10816_Elliott_Carter.jpeg?resize=512%2C460&#038;ssl=1\" alt=\"\" class=\"wp-image-3193\" width=\"512\" height=\"460\" srcset=\"https:\/\/i0.wp.com\/neos-music.com\/wp-content\/uploads\/2022\/11\/NEOS_10816_Elliott_Carter.jpeg?resize=1024%2C920&amp;ssl=1 1024w, https:\/\/i0.wp.com\/neos-music.com\/wp-content\/uploads\/2022\/11\/NEOS_10816_Elliott_Carter.jpeg?resize=300%2C270&amp;ssl=1 300w, https:\/\/i0.wp.com\/neos-music.com\/wp-content\/uploads\/2022\/11\/NEOS_10816_Elliott_Carter.jpeg?resize=768%2C690&amp;ssl=1 768w, https:\/\/i0.wp.com\/neos-music.com\/wp-content\/uploads\/2022\/11\/NEOS_10816_Elliott_Carter.jpeg?resize=1536%2C1380&amp;ssl=1 1536w, https:\/\/i0.wp.com\/neos-music.com\/wp-content\/uploads\/2022\/11\/NEOS_10816_Elliott_Carter.jpeg?resize=600%2C539&amp;ssl=1 600w, https:\/\/i0.wp.com\/neos-music.com\/wp-content\/uploads\/2022\/11\/NEOS_10816_Elliott_Carter.jpeg?w=1649&amp;ssl=1 1649w\" sizes=\"(max-width: 512px) 100vw, 512px\" \/><\/a><\/figure>\n\n\n\n<p><a href=\"https:\/\/neos-music.com\/en_us\/product\/johann-sebastian-bach-goldberg-variationen-2\/\">Goldberg-Variationen:<\/a><\/p>\n\n\n\n<figure class=\"wp-block-image size-large is-resized\"><a href=\"https:\/\/neos-music.com\/en_us\/product\/johann-sebastian-bach-goldberg-variationen-2\/\"><img data-recalc-dims=\"1\" decoding=\"async\" src=\"https:\/\/i0.wp.com\/neos-music.com\/wp-content\/uploads\/2022\/11\/NEOS_30801_Bach_Goldberg.jpeg?resize=512%2C461&#038;ssl=1\" alt=\"\" class=\"wp-image-3241\" width=\"512\" height=\"461\" srcset=\"https:\/\/i0.wp.com\/neos-music.com\/wp-content\/uploads\/2022\/11\/NEOS_30801_Bach_Goldberg.jpeg?resize=1024%2C921&amp;ssl=1 1024w, https:\/\/i0.wp.com\/neos-music.com\/wp-content\/uploads\/2022\/11\/NEOS_30801_Bach_Goldberg.jpeg?resize=300%2C270&amp;ssl=1 300w, https:\/\/i0.wp.com\/neos-music.com\/wp-content\/uploads\/2022\/11\/NEOS_30801_Bach_Goldberg.jpeg?resize=768%2C691&amp;ssl=1 768w, https:\/\/i0.wp.com\/neos-music.com\/wp-content\/uploads\/2022\/11\/NEOS_30801_Bach_Goldberg.jpeg?resize=1536%2C1382&amp;ssl=1 1536w, https:\/\/i0.wp.com\/neos-music.com\/wp-content\/uploads\/2022\/11\/NEOS_30801_Bach_Goldberg.jpeg?resize=600%2C540&amp;ssl=1 600w, https:\/\/i0.wp.com\/neos-music.com\/wp-content\/uploads\/2022\/11\/NEOS_30801_Bach_Goldberg.jpeg?w=1648&amp;ssl=1 1648w\" sizes=\"(max-width: 512px) 100vw, 512px\" \/><\/a><\/figure>","protected":false},"excerpt":{"rendered":"<p>Biographie: SWISS CHAMBER SOLOISTS Zur Jahrtausendwende wurde mit der Gr\u00fcndung der Swiss Chamber Soloists ein Kammerensemble ins Leben gerufen, welches f\u00fchrende Interpreten aus allen Landesteilen der Schweiz mit renommierten G\u00e4sten aus dem Ausland f\u00fcr anspruchsvolle Kammermusikprojekte zusammenf\u00fchrt. Auf Initiative der drei k\u00fcnstlerischen Leiter, J\u00fcrg D\u00e4hler (Z\u00fcrich), Daniel Haefliger (Genf) und Felix Renggli (Basel) wurden f\u00fcr [&hellip;]<\/p>\n","protected":false},"author":1,"featured_media":6208,"comment_status":"open","ping_status":"open","sticky":false,"template":"","format":"standard","meta":{"site-sidebar-layout":"default","site-content-layout":"","ast-site-content-layout":"default","site-content-style":"default","site-sidebar-style":"default","ast-global-header-display":"","ast-banner-title-visibility":"","ast-main-header-display":"","ast-hfb-above-header-display":"","ast-hfb-below-header-display":"","ast-hfb-mobile-header-display":"","site-post-title":"","ast-breadcrumbs-content":"","ast-featured-img":"","footer-sml-layout":"","theme-transparent-header-meta":"","adv-header-id-meta":"","stick-header-meta":"","header-above-stick-meta":"","header-main-stick-meta":"","header-below-stick-meta":"","astra-migrate-meta-layouts":"default","ast-page-background-enabled":"default","ast-page-background-meta":{"desktop":{"background-color":"","background-image":"","background-repeat":"repeat","background-position":"center center","background-size":"auto","background-attachment":"scroll","background-type":"","background-media":"","overlay-type":"","overlay-color":"","overlay-opacity":"","overlay-gradient":""},"tablet":{"background-color":"","background-image":"","background-repeat":"repeat","background-position":"center center","background-size":"auto","background-attachment":"scroll","background-type":"","background-media":"","overlay-type":"","overlay-color":"","overlay-opacity":"","overlay-gradient":""},"mobile":{"background-color":"","background-image":"","background-repeat":"repeat","background-position":"center center","background-size":"auto","background-attachment":"scroll","background-type":"","background-media":"","overlay-type":"","overlay-color":"","overlay-opacity":"","overlay-gradient":""}},"ast-content-background-meta":{"desktop":{"background-color":"var(--ast-global-color-5)","background-image":"","background-repeat":"repeat","background-position":"center center","background-size":"auto","background-attachment":"scroll","background-type":"","background-media":"","overlay-type":"","overlay-color":"","overlay-opacity":"","overlay-gradient":""},"tablet":{"background-color":"var(--ast-global-color-5)","background-image":"","background-repeat":"repeat","background-position":"center center","background-size":"auto","background-attachment":"scroll","background-type":"","background-media":"","overlay-type":"","overlay-color":"","overlay-opacity":"","overlay-gradient":""},"mobile":{"background-color":"var(--ast-global-color-5)","background-image":"","background-repeat":"repeat","background-position":"center center","background-size":"auto","background-attachment":"scroll","background-type":"","background-media":"","overlay-type":"","overlay-color":"","overlay-opacity":"","overlay-gradient":""}},"_jetpack_memberships_contains_paid_content":false,"footnotes":""},"categories":[47],"tags":[],"class_list":["post-6207","post","type-post","status-publish","format-standard","has-post-thumbnail","hentry","category-kuenstler"],"yoast_head":"<!-- This site is optimized with the Yoast SEO plugin v27.4 - https:\/\/yoast.com\/product\/yoast-seo-wordpress\/ -->\n<title>Swiss Chamber Soloists - NEOS Music<\/title>\n<meta name=\"robots\" content=\"index, follow, max-snippet:-1, max-image-preview:large, max-video-preview:-1\" \/>\n<link rel=\"canonical\" href=\"https:\/\/neos-music.com\/en_us\/swiss-chamber-soloists\/\" \/>\n<meta property=\"og:locale\" content=\"en_US\" \/>\n<meta property=\"og:type\" content=\"article\" \/>\n<meta property=\"og:title\" content=\"Swiss Chamber Soloists - NEOS Music\" \/>\n<meta property=\"og:description\" content=\"Biographie: SWISS CHAMBER SOLOISTS Zur Jahrtausendwende wurde mit der Gr\u00fcndung der Swiss Chamber Soloists ein Kammerensemble ins Leben gerufen, welches f\u00fchrende Interpreten aus allen Landesteilen der Schweiz mit renommierten G\u00e4sten aus dem Ausland f\u00fcr anspruchsvolle Kammermusikprojekte zusammenf\u00fchrt. Auf Initiative der drei k\u00fcnstlerischen Leiter, J\u00fcrg D\u00e4hler (Z\u00fcrich), Daniel Haefliger (Genf) und Felix Renggli (Basel) wurden f\u00fcr [&hellip;]\" \/>\n<meta property=\"og:url\" content=\"https:\/\/neos-music.com\/en_us\/swiss-chamber-soloists\/\" \/>\n<meta property=\"og:site_name\" content=\"NEOS Music\" \/>\n<meta property=\"article:published_time\" content=\"2022-12-27T12:17:15+00:00\" \/>\n<meta property=\"article:modified_time\" content=\"2022-12-27T12:34:43+00:00\" \/>\n<meta property=\"og:image\" content=\"https:\/\/neos-music.com\/wp-content\/uploads\/2022\/12\/SCS.jpeg\" \/>\n\t<meta property=\"og:image:width\" content=\"240\" \/>\n\t<meta property=\"og:image:height\" content=\"216\" \/>\n\t<meta property=\"og:image:type\" content=\"image\/jpeg\" \/>\n<meta name=\"author\" content=\"NEOS Music\" \/>\n<meta name=\"twitter:card\" content=\"summary_large_image\" \/>\n<meta name=\"twitter:label1\" content=\"Written by\" \/>\n\t<meta name=\"twitter:data1\" content=\"NEOS Music\" \/>\n\t<meta name=\"twitter:label2\" content=\"Est. reading time\" \/>\n\t<meta name=\"twitter:data2\" content=\"3 minutes\" \/>\n<script type=\"application\/ld+json\" class=\"yoast-schema-graph\">{\"@context\":\"https:\\\/\\\/schema.org\",\"@graph\":[{\"@type\":\"Article\",\"@id\":\"https:\\\/\\\/neos-music.com\\\/swiss-chamber-soloists\\\/#article\",\"isPartOf\":{\"@id\":\"https:\\\/\\\/neos-music.com\\\/swiss-chamber-soloists\\\/\"},\"author\":{\"name\":\"NEOS Music\",\"@id\":\"https:\\\/\\\/neos-music.com\\\/#\\\/schema\\\/person\\\/a745a8fdd42ea2fa4c4ecd91797a280e\"},\"headline\":\"Swiss Chamber Soloists\",\"datePublished\":\"2022-12-27T12:17:15+00:00\",\"dateModified\":\"2022-12-27T12:34:43+00:00\",\"mainEntityOfPage\":{\"@id\":\"https:\\\/\\\/neos-music.com\\\/swiss-chamber-soloists\\\/\"},\"wordCount\":291,\"commentCount\":0,\"publisher\":{\"@id\":\"https:\\\/\\\/neos-music.com\\\/#organization\"},\"image\":{\"@id\":\"https:\\\/\\\/neos-music.com\\\/swiss-chamber-soloists\\\/#primaryimage\"},\"thumbnailUrl\":\"https:\\\/\\\/i0.wp.com\\\/neos-music.com\\\/wp-content\\\/uploads\\\/2022\\\/12\\\/SCS.jpeg?fit=240%2C216&ssl=1\",\"articleSection\":[\"K\u00fcnstler\"],\"inLanguage\":\"en-US\",\"potentialAction\":[{\"@type\":\"CommentAction\",\"name\":\"Comment\",\"target\":[\"https:\\\/\\\/neos-music.com\\\/swiss-chamber-soloists\\\/#respond\"]}]},{\"@type\":\"WebPage\",\"@id\":\"https:\\\/\\\/neos-music.com\\\/swiss-chamber-soloists\\\/\",\"url\":\"https:\\\/\\\/neos-music.com\\\/swiss-chamber-soloists\\\/\",\"name\":\"Swiss Chamber Soloists - NEOS Music\",\"isPartOf\":{\"@id\":\"https:\\\/\\\/neos-music.com\\\/#website\"},\"primaryImageOfPage\":{\"@id\":\"https:\\\/\\\/neos-music.com\\\/swiss-chamber-soloists\\\/#primaryimage\"},\"image\":{\"@id\":\"https:\\\/\\\/neos-music.com\\\/swiss-chamber-soloists\\\/#primaryimage\"},\"thumbnailUrl\":\"https:\\\/\\\/i0.wp.com\\\/neos-music.com\\\/wp-content\\\/uploads\\\/2022\\\/12\\\/SCS.jpeg?fit=240%2C216&ssl=1\",\"datePublished\":\"2022-12-27T12:17:15+00:00\",\"dateModified\":\"2022-12-27T12:34:43+00:00\",\"breadcrumb\":{\"@id\":\"https:\\\/\\\/neos-music.com\\\/swiss-chamber-soloists\\\/#breadcrumb\"},\"inLanguage\":\"en-US\",\"potentialAction\":[{\"@type\":\"ReadAction\",\"target\":[\"https:\\\/\\\/neos-music.com\\\/swiss-chamber-soloists\\\/\"]}]},{\"@type\":\"ImageObject\",\"inLanguage\":\"en-US\",\"@id\":\"https:\\\/\\\/neos-music.com\\\/swiss-chamber-soloists\\\/#primaryimage\",\"url\":\"https:\\\/\\\/i0.wp.com\\\/neos-music.com\\\/wp-content\\\/uploads\\\/2022\\\/12\\\/SCS.jpeg?fit=240%2C216&ssl=1\",\"contentUrl\":\"https:\\\/\\\/i0.wp.com\\\/neos-music.com\\\/wp-content\\\/uploads\\\/2022\\\/12\\\/SCS.jpeg?fit=240%2C216&ssl=1\",\"width\":240,\"height\":216},{\"@type\":\"BreadcrumbList\",\"@id\":\"https:\\\/\\\/neos-music.com\\\/swiss-chamber-soloists\\\/#breadcrumb\",\"itemListElement\":[{\"@type\":\"ListItem\",\"position\":1,\"name\":\"Startseite\",\"item\":\"https:\\\/\\\/neos-music.com\\\/\"},{\"@type\":\"ListItem\",\"position\":2,\"name\":\"Swiss Chamber Soloists\"}]},{\"@type\":\"WebSite\",\"@id\":\"https:\\\/\\\/neos-music.com\\\/#website\",\"url\":\"https:\\\/\\\/neos-music.com\\\/\",\"name\":\"NEOS Music\",\"description\":\"Dein Online Shop f\u00fcr zeitgen\u00f6ssische Musik, Jazz und Classics!\",\"publisher\":{\"@id\":\"https:\\\/\\\/neos-music.com\\\/#organization\"},\"potentialAction\":[{\"@type\":\"SearchAction\",\"target\":{\"@type\":\"EntryPoint\",\"urlTemplate\":\"https:\\\/\\\/neos-music.com\\\/?s={search_term_string}\"},\"query-input\":{\"@type\":\"PropertyValueSpecification\",\"valueRequired\":true,\"valueName\":\"search_term_string\"}}],\"inLanguage\":\"en-US\"},{\"@type\":\"Organization\",\"@id\":\"https:\\\/\\\/neos-music.com\\\/#organization\",\"name\":\"NEOS Music\",\"url\":\"https:\\\/\\\/neos-music.com\\\/\",\"logo\":{\"@type\":\"ImageObject\",\"inLanguage\":\"en-US\",\"@id\":\"https:\\\/\\\/neos-music.com\\\/#\\\/schema\\\/logo\\\/image\\\/\",\"url\":\"https:\\\/\\\/i0.wp.com\\\/neos-music.com\\\/wp-content\\\/uploads\\\/2025\\\/08\\\/NEOS-Logo-weiss.png?fit=800%2C203&ssl=1\",\"contentUrl\":\"https:\\\/\\\/i0.wp.com\\\/neos-music.com\\\/wp-content\\\/uploads\\\/2025\\\/08\\\/NEOS-Logo-weiss.png?fit=800%2C203&ssl=1\",\"width\":800,\"height\":203,\"caption\":\"NEOS Music\"},\"image\":{\"@id\":\"https:\\\/\\\/neos-music.com\\\/#\\\/schema\\\/logo\\\/image\\\/\"}},{\"@type\":\"Person\",\"@id\":\"https:\\\/\\\/neos-music.com\\\/#\\\/schema\\\/person\\\/a745a8fdd42ea2fa4c4ecd91797a280e\",\"name\":\"NEOS Music\",\"image\":{\"@type\":\"ImageObject\",\"inLanguage\":\"en-US\",\"@id\":\"https:\\\/\\\/secure.gravatar.com\\\/avatar\\\/a870658faa35b2a5c168560663fbee1f2f85446608becae8acf35eb380f13d65?s=96&d=mm&r=g\",\"url\":\"https:\\\/\\\/secure.gravatar.com\\\/avatar\\\/a870658faa35b2a5c168560663fbee1f2f85446608becae8acf35eb380f13d65?s=96&d=mm&r=g\",\"contentUrl\":\"https:\\\/\\\/secure.gravatar.com\\\/avatar\\\/a870658faa35b2a5c168560663fbee1f2f85446608becae8acf35eb380f13d65?s=96&d=mm&r=g\",\"caption\":\"NEOS Music\"},\"sameAs\":[\"https:\\\/\\\/neos-music.com\"],\"url\":\"https:\\\/\\\/neos-music.com\\\/en_us\\\/author\\\/moritzoswald\\\/\"}]}<\/script>\n<!-- \/ Yoast SEO plugin. -->","yoast_head_json":{"title":"Swiss Chamber Soloists - NEOS Music","robots":{"index":"index","follow":"follow","max-snippet":"max-snippet:-1","max-image-preview":"max-image-preview:large","max-video-preview":"max-video-preview:-1"},"canonical":"https:\/\/neos-music.com\/en_us\/swiss-chamber-soloists\/","og_locale":"en_US","og_type":"article","og_title":"Swiss Chamber Soloists - NEOS Music","og_description":"Biographie: SWISS CHAMBER SOLOISTS Zur Jahrtausendwende wurde mit der Gr\u00fcndung der Swiss Chamber Soloists ein Kammerensemble ins Leben gerufen, welches f\u00fchrende Interpreten aus allen Landesteilen der Schweiz mit renommierten G\u00e4sten aus dem Ausland f\u00fcr anspruchsvolle Kammermusikprojekte zusammenf\u00fchrt. Auf Initiative der drei k\u00fcnstlerischen Leiter, J\u00fcrg D\u00e4hler (Z\u00fcrich), Daniel Haefliger (Genf) und Felix Renggli (Basel) wurden f\u00fcr [&hellip;]","og_url":"https:\/\/neos-music.com\/en_us\/swiss-chamber-soloists\/","og_site_name":"NEOS Music","article_published_time":"2022-12-27T12:17:15+00:00","article_modified_time":"2022-12-27T12:34:43+00:00","og_image":[{"width":240,"height":216,"url":"https:\/\/neos-music.com\/wp-content\/uploads\/2022\/12\/SCS.jpeg","type":"image\/jpeg"}],"author":"NEOS Music","twitter_card":"summary_large_image","twitter_misc":{"Written by":"NEOS Music","Est. reading time":"3 minutes"},"schema":{"@context":"https:\/\/schema.org","@graph":[{"@type":"Article","@id":"https:\/\/neos-music.com\/swiss-chamber-soloists\/#article","isPartOf":{"@id":"https:\/\/neos-music.com\/swiss-chamber-soloists\/"},"author":{"name":"NEOS Music","@id":"https:\/\/neos-music.com\/#\/schema\/person\/a745a8fdd42ea2fa4c4ecd91797a280e"},"headline":"Swiss Chamber Soloists","datePublished":"2022-12-27T12:17:15+00:00","dateModified":"2022-12-27T12:34:43+00:00","mainEntityOfPage":{"@id":"https:\/\/neos-music.com\/swiss-chamber-soloists\/"},"wordCount":291,"commentCount":0,"publisher":{"@id":"https:\/\/neos-music.com\/#organization"},"image":{"@id":"https:\/\/neos-music.com\/swiss-chamber-soloists\/#primaryimage"},"thumbnailUrl":"https:\/\/i0.wp.com\/neos-music.com\/wp-content\/uploads\/2022\/12\/SCS.jpeg?fit=240%2C216&ssl=1","articleSection":["K\u00fcnstler"],"inLanguage":"en-US","potentialAction":[{"@type":"CommentAction","name":"Comment","target":["https:\/\/neos-music.com\/swiss-chamber-soloists\/#respond"]}]},{"@type":"WebPage","@id":"https:\/\/neos-music.com\/swiss-chamber-soloists\/","url":"https:\/\/neos-music.com\/swiss-chamber-soloists\/","name":"Swiss Chamber Soloists - NEOS Music","isPartOf":{"@id":"https:\/\/neos-music.com\/#website"},"primaryImageOfPage":{"@id":"https:\/\/neos-music.com\/swiss-chamber-soloists\/#primaryimage"},"image":{"@id":"https:\/\/neos-music.com\/swiss-chamber-soloists\/#primaryimage"},"thumbnailUrl":"https:\/\/i0.wp.com\/neos-music.com\/wp-content\/uploads\/2022\/12\/SCS.jpeg?fit=240%2C216&ssl=1","datePublished":"2022-12-27T12:17:15+00:00","dateModified":"2022-12-27T12:34:43+00:00","breadcrumb":{"@id":"https:\/\/neos-music.com\/swiss-chamber-soloists\/#breadcrumb"},"inLanguage":"en-US","potentialAction":[{"@type":"ReadAction","target":["https:\/\/neos-music.com\/swiss-chamber-soloists\/"]}]},{"@type":"ImageObject","inLanguage":"en-US","@id":"https:\/\/neos-music.com\/swiss-chamber-soloists\/#primaryimage","url":"https:\/\/i0.wp.com\/neos-music.com\/wp-content\/uploads\/2022\/12\/SCS.jpeg?fit=240%2C216&ssl=1","contentUrl":"https:\/\/i0.wp.com\/neos-music.com\/wp-content\/uploads\/2022\/12\/SCS.jpeg?fit=240%2C216&ssl=1","width":240,"height":216},{"@type":"BreadcrumbList","@id":"https:\/\/neos-music.com\/swiss-chamber-soloists\/#breadcrumb","itemListElement":[{"@type":"ListItem","position":1,"name":"Startseite","item":"https:\/\/neos-music.com\/"},{"@type":"ListItem","position":2,"name":"Swiss Chamber Soloists"}]},{"@type":"WebSite","@id":"https:\/\/neos-music.com\/#website","url":"https:\/\/neos-music.com\/","name":"NEOS Music","description":"Dein Online Shop f\u00fcr zeitgen\u00f6ssische Musik, Jazz und Classics!","publisher":{"@id":"https:\/\/neos-music.com\/#organization"},"potentialAction":[{"@type":"SearchAction","target":{"@type":"EntryPoint","urlTemplate":"https:\/\/neos-music.com\/?s={search_term_string}"},"query-input":{"@type":"PropertyValueSpecification","valueRequired":true,"valueName":"search_term_string"}}],"inLanguage":"en-US"},{"@type":"Organization","@id":"https:\/\/neos-music.com\/#organization","name":"NEOS Music","url":"https:\/\/neos-music.com\/","logo":{"@type":"ImageObject","inLanguage":"en-US","@id":"https:\/\/neos-music.com\/#\/schema\/logo\/image\/","url":"https:\/\/i0.wp.com\/neos-music.com\/wp-content\/uploads\/2025\/08\/NEOS-Logo-weiss.png?fit=800%2C203&ssl=1","contentUrl":"https:\/\/i0.wp.com\/neos-music.com\/wp-content\/uploads\/2025\/08\/NEOS-Logo-weiss.png?fit=800%2C203&ssl=1","width":800,"height":203,"caption":"NEOS Music"},"image":{"@id":"https:\/\/neos-music.com\/#\/schema\/logo\/image\/"}},{"@type":"Person","@id":"https:\/\/neos-music.com\/#\/schema\/person\/a745a8fdd42ea2fa4c4ecd91797a280e","name":"NEOS Music","image":{"@type":"ImageObject","inLanguage":"en-US","@id":"https:\/\/secure.gravatar.com\/avatar\/a870658faa35b2a5c168560663fbee1f2f85446608becae8acf35eb380f13d65?s=96&d=mm&r=g","url":"https:\/\/secure.gravatar.com\/avatar\/a870658faa35b2a5c168560663fbee1f2f85446608becae8acf35eb380f13d65?s=96&d=mm&r=g","contentUrl":"https:\/\/secure.gravatar.com\/avatar\/a870658faa35b2a5c168560663fbee1f2f85446608becae8acf35eb380f13d65?s=96&d=mm&r=g","caption":"NEOS Music"},"sameAs":["https:\/\/neos-music.com"],"url":"https:\/\/neos-music.com\/en_us\/author\/moritzoswald\/"}]}},"jetpack_featured_media_url":"https:\/\/i0.wp.com\/neos-music.com\/wp-content\/uploads\/2022\/12\/SCS.jpeg?fit=240%2C216&ssl=1","jetpack_sharing_enabled":true,"_links":{"self":[{"href":"https:\/\/neos-music.com\/en_us\/wp-json\/wp\/v2\/posts\/6207","targetHints":{"allow":["GET"]}}],"collection":[{"href":"https:\/\/neos-music.com\/en_us\/wp-json\/wp\/v2\/posts"}],"about":[{"href":"https:\/\/neos-music.com\/en_us\/wp-json\/wp\/v2\/types\/post"}],"author":[{"embeddable":true,"href":"https:\/\/neos-music.com\/en_us\/wp-json\/wp\/v2\/users\/1"}],"replies":[{"embeddable":true,"href":"https:\/\/neos-music.com\/en_us\/wp-json\/wp\/v2\/comments?post=6207"}],"version-history":[{"count":0,"href":"https:\/\/neos-music.com\/en_us\/wp-json\/wp\/v2\/posts\/6207\/revisions"}],"wp:featuredmedia":[{"embeddable":true,"href":"https:\/\/neos-music.com\/en_us\/wp-json\/wp\/v2\/media\/6208"}],"wp:attachment":[{"href":"https:\/\/neos-music.com\/en_us\/wp-json\/wp\/v2\/media?parent=6207"}],"wp:term":[{"taxonomy":"category","embeddable":true,"href":"https:\/\/neos-music.com\/en_us\/wp-json\/wp\/v2\/categories?post=6207"},{"taxonomy":"post_tag","embeddable":true,"href":"https:\/\/neos-music.com\/en_us\/wp-json\/wp\/v2\/tags?post=6207"}],"curies":[{"name":"wp","href":"https:\/\/api.w.org\/{rel}","templated":true}]}}